{"id":1040,"date":"2013-12-08T22:13:14","date_gmt":"2013-12-08T20:13:14","guid":{"rendered":"https:\/\/stesticko.online\/domains\/stesticko.online\/casopis\/?p=1040"},"modified":"2014-01-08T14:51:43","modified_gmt":"2014-01-08T12:51:43","slug":"vzpominka-na-popravene-v-tibhirine","status":"publish","type":"post","link":"https:\/\/stesticko.cz\/casopis\/publikace\/vzpominka-na-popravene-v-tibhirine\/1040\/","title":{"rendered":"Vzpom\u00ednka na popraven\u00e9 v Tibhirine"},"content":{"rendered":"<p style=\"text-align: justify;\"><strong><img decoding=\"async\" loading=\"lazy\" class=\"alignleft\" src=\"http:\/\/obchod.portal.cz\/pictureprovider.aspx?z=300&amp;picture_id=1SP0000101\" alt=\"\" width=\"214\" height=\"300\" \/>Jak d\u016fle\u017eit\u00e1 je v\u00edra v Boha pro \u010dlov\u011bka, kter\u00fd v\u00ed, \u017ee mus\u00ed zem\u0159\u00edt? Jak state\u010dn\u00e9 dok\u00e1\u017ee b\u00fdt bohabojn\u00e9 srdce\u00a0tv\u00e1\u0159\u00ed v tv\u00e1\u0159 jist\u00e9 smrti? O tom se m\u016f\u017eete do\u010d\u00edst v knize vydan\u00e9 nakladatelstv\u00edm Port\u00e1l s n\u00e1zvem <em>Posledn\u00ed mnich z Tibhirine<\/em>.<\/strong><\/p>\n<p style=\"text-align: justify;\">Tuto knihu plnou v\u00edry, dobroty a \u010dist\u00fdch \u00famysl\u016f sepsal <strong>Freddy Derwahl<\/strong> a je jak\u00fdmsi vypr\u00e1v\u011bn\u00edm posledn\u00edho mnicha, kter\u00fd p\u0159e\u017eil popravu sv\u00fdch, Bohu zasv\u011bcen\u00fdch, p\u0159\u00e1tel. Je nitern\u00fdm rozhovorem a den\u00edkem. Je vzpom\u00ednkou plnou \u00facty a obdivu. Kniha <em><strong>Posledn\u00ed mnich z Tibhirine<\/strong><\/em> vypr\u00e1v\u00ed o k\u0159es\u0165ansk\u00fdch mni\u0161\u00edch, kte\u0159\u00ed se vzhledem k lokaci sv\u00e9ho kl\u00e1\u0161tera museli nau\u010dit \u017e\u00edt vedle zd\u00e1nliv\u011b natolik odli\u0161n\u00e9ho n\u00e1bo\u017eenstv\u00ed \u2013 vedle isl\u00e1mu. V\u011bt\u0161ina z t\u011bchto mnich\u016f ale u\u017e od sv\u00fdch mlad\u00fdch let vn\u00edmala isl\u00e1m jako bratrsk\u00e9 n\u00e1bo\u017eenstv\u00ed, kter\u00e9 nen\u00ed ni\u010d\u00edm jin\u00fdm ne\u017e odli\u0161n\u00fdm zp\u016fsobem prokazovanou v\u00edrou ve stejn\u00e9ho Boha. Tito mni\u0161i hledali na sv\u00e9 spole\u010dn\u00e9 cest\u011b k Bohu m\u00edrumilovn\u00fd dialog, nikoliv dehonestuj\u00edc\u00ed disputaci, podobn\u00e9 prvky projevu v\u00edry, nikoliv jeho rozd\u00edly. Jejich srdce byla otev\u0159en\u00e1 a p\u0159edsudk\u016f nebylo. P\u0159esto se k Bohu museli odebrat d\u0159\u00edve, ne\u017e doufali.<!--more--><\/p>\n<p style=\"text-align: justify;\">Trapistick\u00fd kl\u00e1\u0161ter usazen\u00fd na \u00fazem\u00ed Al\u017e\u00edrska, konkr\u00e9tn\u011b v Tibhirine, byl po celou \u0159adu let pokojn\u00fdm s\u00eddlem k\u0159es\u0165an\u016f ve vst\u0159\u00edcn\u00e9 n\u00e1ru\u010di muslimsk\u00e9 v\u011bt\u0161iny. Pro uveden\u00ed do historick\u00fdch souvislost\u00ed nal\u00e9zaj\u00ed trapist\u00e9 sv\u00e9 ko\u0159eny v dalek\u00e9m 12. stolet\u00ed. Jako jedno z tehdej\u0161\u00edch reformn\u00edch hnut\u00ed p\u0159evzali duchovn\u00ed principy benediktinsk\u00e9ho \u0159\u00e1du a d\u00edky Bernardovi z Clairvaux se pak roz\u0161\u00ed\u0159ili po cel\u00e9 Evrop\u011b. Od roku 1662 jsou ozna\u010dov\u00e1ni jako \u201ecisterci\u00e1ci\u201c, od roku 1903 pak p\u0159esn\u011bji a ofici\u00e1ln\u011b jako \u201e\u0159\u00e1d cisterci\u00e1k\u016f p\u0159\u00edsn\u011bj\u0161\u00ed observance\u201c.<\/p>\n<p style=\"text-align: justify;\">V t\u00e9to knize se jej\u00ed autor, <strong>Freddy Derwahl<\/strong>, v rozhovoru s Jean-Pierrem Schumacherem (on\u00edm posledn\u00edm trapistick\u00fdm mnichem) vrac\u00ed do \u010das\u016f, kdy ve zdech trapistick\u00e9ho kl\u00e1\u0161tera v Tibhirine panoval ka\u017edodenn\u00ed pevn\u00fd \u0159\u00e1d ve stylu \u201eora et labora\u201c, a to a\u017e do doby, kdy do\u0161lo k prvn\u00edm v\u00fdhru\u017ek\u00e1m ze strany GIA, Isl\u00e1msk\u00e9 ozbrojen\u00e9 skupiny. V Al\u017e\u00edrsku za\u010daly propukat nepokoje zam\u00ed\u0159en\u00e9 proti cizinc\u016fm a ani zbo\u017en\u00ed brat\u0159i nem\u011bli b\u00fdt z c\u00edle extremist\u016f vy\u0148ati. A\u010dkoliv se trapisti\u010dt\u00ed mni\u0161i sna\u017eili o k\u0159es\u0165ansko-isl\u00e1msk\u00fd dialog a ve sv\u00e9m kl\u00e1\u0161te\u0159e hostili mnoh\u00e9 stoupence s\u00fafismu, jejich osud se d\u00edky vyhrocen\u00e9 situaci v zemi zd\u00e1l b\u00fdt zpe\u010det\u011bn.<\/p>\n<p style=\"text-align: justify;\">Po tom, co byli varov\u00e1ni v\u016fdcem GIA, do\u017eaduj\u00edc\u00edho se pen\u011bz a slu\u017eeb jejich l\u00e9ka\u0159e, tu\u0161ili, \u017ee je nemine stejn\u00fd osud jako ten, kter\u00fd v dal\u0161\u00edch dnech nemilosrdn\u011b zas\u00e1hl jejich ve\u0159ejn\u011b praktikuj\u00edc\u00ed bli\u017en\u00ed. P\u00ed\u0161e se rok 1994 a rukou extremist\u016f jsou zavra\u017ed\u011bni dva \u0159eholn\u00edci, dv\u011b augustini\u00e1nky. Pot\u00e9 fanatick\u00e9 b\u011bsn\u011bn\u00ed pokra\u010duje. Bl\u00ed\u017e\u00edc\u00ed se \u00fad\u011bl trapistick\u00fdch brat\u0159\u00ed je jasn\u00fd, jejich state\u010dnost obdivuhodn\u00e1.<\/p>\n<blockquote>\n<p style=\"text-align: justify;\"><em><strong>N\u00e1siln\u00e1 smrt \u2013 jednoho z n\u00e1s nebo v\u0161ech spole\u010dn\u011b \u2013 by byla jen d\u016fsledkem toho, \u017ee jsme si zvolili \u017eivot v n\u00e1sledov\u00e1n\u00ed Krista.<\/strong><\/em><\/p>\n<p style=\"text-align: center;\"><em><strong>&#8230;<\/strong><\/em><\/p>\n<p style=\"text-align: justify;\"><em><strong>Smrt je setk\u00e1n\u00ed s Bohem, tak\u017ee nem\u016f\u017ee vyvol\u00e1vat d\u011bs. Smrt, to je B\u016fh.<\/strong><\/em><\/p>\n<p style=\"text-align: center;\"><em><strong>&#8230;<\/strong><\/em><\/p>\n<p style=\"text-align: justify;\"><em><strong>Milovat znamen\u00e1 d\u00e1t Mu v\u0161echno, co od n\u00e1s o\u010dek\u00e1v\u00e1, t\u0159eba a\u017e k mu\u010dednictv\u00ed.<\/strong><\/em><\/p>\n<\/blockquote>\n<p style=\"text-align: justify;\">Pro dne\u0161n\u00edho \u010dlov\u011bka nep\u0159\u00edli\u0161 pohlcen\u00e9ho ryz\u00ed k\u0159es\u0165anskou v\u00edrou je a\u017e nepochopiteln\u00e9, jak mohli b\u00fdt mni\u0161i s p\u0159edtuchou sv\u00e9 n\u00e1siln\u00e9 smrti tak klidn\u00ed a vnit\u0159n\u011b vyrovnan\u00ed. B\u011bh kl\u00e1\u0161tera se nezm\u011bnil, jen modlitby v jeho zdech snad zn\u011bly o n\u011bco v\u00edce prosebn\u011bji. Pokud tu byl strach z nezn\u00e1m\u00e9ho, v\u00edra v Bo\u017e\u00ed laskavou n\u00e1ru\u010d jej spolehliv\u011b za\u017eehnala.<\/p>\n<blockquote>\n<p style=\"text-align: justify;\"><em><strong>Zima se ch\u00fdl\u00ed ke konci. Kon\u010d\u00ed mlhav\u00e9 dny. V medejsk\u00e9 hornatin\u011b kvetou mandlon\u011b a ze Sahary vane vlah\u00fd v\u00edtr. Christophe se p\u0159i zahradn\u00ed pr\u00e1ci pt\u00e1, kdy nastane hodina, \u201ekdy jako semeno padneme do zem\u011b\u201c. 19. b\u0159ezna 1996, o sv\u00e1tku svat\u00e9ho Josefa, zapisuje do sv\u00e9ho den\u00edku posledn\u00ed slova: \u201eKdy ke mn\u011b p\u0159ijde\u0161&#8230; Chci b\u00fdt prom\u011bn\u011bn s nevinn\u00fdm srdcem.\u201c Jean-Pierre se zab\u00fdv\u00e1 v\u010del\u00edmi \u00faly, z vosku chce vyrobit velikono\u010dn\u00ed pa\u0161k\u00e1l. Ale toho roku to byla noc, kterou mni\u0161i neoslavili.<\/strong><\/em><\/p>\n<\/blockquote>\n<p style=\"text-align: justify;\">V knize pak n\u00e1sleduje popis vyd\u00e1n\u00ed se trapistick\u00fdch mnich\u016f zlov\u016fli jednotce GIA, kter\u00e1 tu noc pod jistou z\u00e1minkou ve\u0161la do kl\u00e1\u0161tera. Doch\u00e1z\u00ed k \u00fanosu sedmi mnich\u016f. Dva, kter\u00e9 nena\u0161li (a vlastn\u011b ani d\u00edky \u0161patn\u00fdm informac\u00edm nehledali), n\u00e1m dnes pod\u00e1vaj\u00ed tento p\u0159\u00edb\u011bh, jeho\u017e hr\u016fzy je\u0161t\u011b nejsou dovr\u0161eny. Za zlo\u010dinn\u00fdm aktem mud\u017e\u00e1hedin\u016f z\u016fst\u00e1v\u00e1 jen pachu\u0165 bezmoci a neochv\u011bjn\u00e1 v\u00edra v brzk\u00e9 navr\u00e1cen\u00ed \u017eiv\u00fdch brat\u0159\u00ed ve v\u00ed\u0159e. Z d\u016fvod\u016f, na kter\u00fdch m\u00e1 zna\u010dn\u00fd pod\u00edl i samotn\u00e1 francouzsk\u00e1 vl\u00e1da, jsou v\u0161ak osudy sedmi une\u0161en\u00fdch trapistick\u00fdch mnich\u016f z Tibhirine zpe\u010det\u011bny. Byli jim s\u0165aty hlavy. Jejich t\u011bla nebyla nikdy nalezena.<\/p>\n<p style=\"text-align: justify;\">Jejich du\u0161\u00edm se v\u0161ak dostalo osudov\u00e9ho setk\u00e1n\u00ed.<\/p>\n<blockquote>\n<p style=\"text-align: center;\"><em><strong>Nastala hodina prav\u00e9ho klan\u011bn\u00ed;<\/strong><\/em><br \/>\n<em><strong> ohe\u0148 stravuje m\u00e9 nitro:<\/strong><\/em><br \/>\n<em><strong> vyraz\u00edm na cestu s k\u0159\u00ed\u017eem.<\/strong><\/em><br \/>\n<em><strong> Kdo by se pokusil uhasit jeho plamen?<\/strong><\/em><\/p>\n<\/blockquote>\n<p style=\"text-align: justify;\">Kniha <strong><em>Posledn\u00ed mnich z Tibhirine<\/em><\/strong> tedy vy\u00fas\u0165uje v jakousi absolutn\u00ed oddanost\u00a0k Bohu. V\u00edra je zde poj\u00edm\u00e1na jako kone\u010dn\u00e1 n\u00e1ru\u010d Bo\u017e\u00ed l\u00e1sky, p\u0159ed kterou je zlo jen uboh\u00fdm pozemsk\u00fdm st\u00ednem.<\/p>\n<p style=\"text-align: justify;\">(DERWAHL, Freddy. <em>Posledn\u00ed mnich z Tibhirine.<\/em> Praha: Port\u00e1l, 2013, s. 184)<\/p>\n<p style=\"text-align: justify;\">Knihu si m\u016f\u017eete zakoupit\u00a0v na\u0161em <strong><a href=\"http:\/\/shop.stesticko.cz\/posledni-mnich-z-tibhirine-derwahl-freddy.html\" target=\"_blank\">knihkupectv\u00ed \u0160t\u011bst\u00ed\u010dko<\/a><\/strong>.<\/p>\n<p style=\"text-align: justify;\">Autor \u010dl\u00e1nku: \u00a9 Mgr. Jarmila Flakov\u00e1<\/p>\n","protected":false},"excerpt":{"rendered":"<p>Jak d\u016fle\u017eit\u00e1 je v\u00edra v Boha pro \u010dlov\u011bka, kter\u00fd v\u00ed, \u017ee mus\u00ed zem\u0159\u00edt? Jak state\u010dn\u00e9 dok\u00e1\u017ee b\u00fdt bohabojn\u00e9 srdce\u00a0tv\u00e1\u0159\u00ed v tv\u00e1\u0159 jist\u00e9 smrti? O tom se m\u016f\u017eete do\u010d\u00edst v knize vydan\u00e9 nakladatelstv\u00edm Port\u00e1l s n\u00e1zvem Posledn\u00ed mnich z Tibhirine. Tuto knihu plnou v\u00edry, dobroty a \u010dist\u00fdch \u00famysl\u016f sepsal Freddy Derwahl a je jak\u00fdmsi vypr\u00e1v\u011bn\u00edm posledn\u00edho [&hellip;]<\/p>\n","protected":false},"author":221,"featured_media":0,"comment_status":"open","ping_status":"open","sticky":false,"template":"","format":"standard","meta":{"om_disable_all_campaigns":false,"_monsterinsights_skip_tracking":false,"_monsterinsights_sitenote_active":false,"_monsterinsights_sitenote_note":"","_monsterinsights_sitenote_category":0},"categories":[15],"tags":[25,18,46,6],"aioseo_notices":[],"_links":{"self":[{"href":"https:\/\/stesticko.cz\/casopis\/wp-json\/wp\/v2\/posts\/1040"}],"collection":[{"href":"https:\/\/stesticko.cz\/casopis\/wp-json\/wp\/v2\/posts"}],"about":[{"href":"https:\/\/stesticko.cz\/casopis\/wp-json\/wp\/v2\/types\/post"}],"author":[{"embeddable":true,"href":"https:\/\/stesticko.cz\/casopis\/wp-json\/wp\/v2\/users\/221"}],"replies":[{"embeddable":true,"href":"https:\/\/stesticko.cz\/casopis\/wp-json\/wp\/v2\/comments?post=1040"}],"version-history":[{"count":18,"href":"https:\/\/stesticko.cz\/casopis\/wp-json\/wp\/v2\/posts\/1040\/revisions"}],"predecessor-version":[{"id":1060,"href":"https:\/\/stesticko.cz\/casopis\/wp-json\/wp\/v2\/posts\/1040\/revisions\/1060"}],"wp:attachment":[{"href":"https:\/\/stesticko.cz\/casopis\/wp-json\/wp\/v2\/media?parent=1040"}],"wp:term":[{"taxonomy":"category","embeddable":true,"href":"https:\/\/stesticko.cz\/casopis\/wp-json\/wp\/v2\/categories?post=1040"},{"taxonomy":"post_tag","embeddable":true,"href":"https:\/\/stesticko.cz\/casopis\/wp-json\/wp\/v2\/tags?post=1040"}],"curies":[{"name":"wp","href":"https:\/\/api.w.org\/{rel}","templated":true}]}}